{"id":8160,"date":"2023-12-11T16:39:50","date_gmt":"2023-12-11T15:39:50","guid":{"rendered":"https:\/\/www.architetturaecologica.net\/?p=8160"},"modified":"2023-12-11T16:46:38","modified_gmt":"2023-12-11T15:46:38","slug":"case-green-nuova-direttiva-europe","status":"publish","type":"post","link":"https:\/\/www.architetturaecologica.net\/en\/case-green-nuova-direttiva-europe\/","title":{"rendered":"EUROPA E CASE GREEN, STOP ALLE CALDAIE A GAS"},"content":{"rendered":"\n<p>Gli obiettivi iniziali erano pi\u00f9 ambiziosi ma per mettere d\u2019accordo tutti i Paesi dell\u2019Europarlamento si \u00e8 dovuto scendere a patti anche con quelli meno votati alla svolta ecologista&#8230;<strong>come l\u2019Italia<\/strong>, che purtroppo quest\u2019anno nella classifica presentata alla Cop28 <strong>perde 15 posizioni<\/strong> (da 29 a 44) per la sua performance inadeguata contro l\u2019emergenza climatica.<\/p>\n\n\n\n<p>Ora per\u00f2 abbiamo una strada per raggiungere l\u2019obiettivo di un <strong>parco edifici neutrale dal punto di vista climatico entro il 2050<\/strong>.<\/p>\n\n\n\n<p>Uno dei punti di svolta che ha portato alla firma dell&#8217;accordo riguarda la valutazione \u201cmedia\u201d di prestazione energetica per gruppo di edifici e non pi\u00f9 \u201ccasa per casa\u201d.<\/p>\n\n\n\n<p>I vari Stati quindi dovranno ridurre il consumo medio di energia del 16% entro il 2030 e del 20-22% nel 2035. Spetta a loro decidere come e con quali scadenze intermedie.<\/p>\n\n\n\n<p>Si riducono quindi gli obblighi per i singoli proprietari e viene data pi\u00f9 responsabilit\u00e0 ai governi per intervenire con urgenza a partire dal patrimonio edilizio pi\u00f9 energivoro.<\/p>\n\n\n\n<p><strong>L\u2019efficientamento energetico di un immobile destinato ad una ristrutturazione non sar\u00e0 pi\u00f9 un\u2019opzione rimandabile.<\/strong><\/p>\n\n\n\n<p>Per quanto riguarda i nuovi edifici invece dal 2030 dovranno essere tutti costruiti per mantenersi a emissioni zero.<\/p>\n\n\n\n<p>Rimandato al 2040 invece il blocco per la produzione e vendita delle caldaie a gas.. <strong>la strada per l\u2019emancipazione dalle fonti fossili \u00e8 ancora lunga.<\/strong><\/p>\n\n\n\n<p>Si rimane quindi in attesa di conoscere strategie di investimento soprattutto del nostro paese per incentivare i proprietari al rinnovo dei loro immobili.<\/p>\n","protected":false},"excerpt":{"rendered":"<p>Gli obiettivi iniziali erano pi\u00f9 ambiziosi ma per mettere d\u2019accordo tutti i Paesi dell\u2019Europarlamento si \u00e8 dovuto scendere a patti anche con quelli meno votati alla svolta ecologista&#8230;come l\u2019Italia, che purtroppo quest\u2019anno nella classifica presentata alla Cop28 perde 15 posizioni (da 29 a 44) per la sua performance inadeguata contro [&hellip;]<\/p>\n","protected":false},"author":4,"featured_media":8161,"comment_status":"closed","ping_status":"closed","sticky":false,"template":"","format":"standard","meta":{"footnotes":""},"categories":[162,180,168,1,167,163],"tags":[],"class_list":["post-8160","post","type-post","status-publish","format-standard","has-post-thumbnail","hentry","category-detrazioni","category-ecologia","category-efficienza-energetica","category-non-categorizzato","category-riqualificazione-energetica","category-risparmio-energetico"],"yoast_head":"<!-- This site is optimized with the Yoast SEO plugin v27.4 - https:\/\/yoast.com\/product\/yoast-seo-wordpress\/ -->\n<title>EUROPA E CASE GREEN, STOP ALLE CALDAIE A GAS - LAe - Laboratorio di Architettura Ecologica<\/title>\n<meta name=\"robots\" content=\"index, follow, max-snippet:-1, max-image-preview:large, max-video-preview:-1\" \/>\n<link rel=\"canonical\" href=\"https:\/\/www.architetturaecologica.net\/case-green-nuova-direttiva-europe\/\" \/>\n<meta property=\"og:locale\" content=\"en_US\" \/>\n<meta property=\"og:type\" content=\"article\" \/>\n<meta property=\"og:title\" content=\"EUROPA E CASE GREEN, STOP ALLE CALDAIE A GAS - LAe - Laboratorio di Architettura Ecologica\" \/>\n<meta property=\"og:description\" content=\"Gli obiettivi iniziali erano pi\u00f9 ambiziosi ma per mettere d\u2019accordo tutti i Paesi dell\u2019Europarlamento si \u00e8 dovuto scendere a patti anche con quelli meno votati alla svolta ecologista&#8230;come l\u2019Italia, che purtroppo quest\u2019anno nella classifica presentata alla Cop28 perde 15 posizioni (da 29 a 44) per la sua performance inadeguata contro [&hellip;]\" \/>\n<meta property=\"og:url\" content=\"https:\/\/www.architetturaecologica.net\/case-green-nuova-direttiva-europe\/\" \/>\n<meta property=\"og:site_name\" content=\"LAe - Laboratorio di Architettura Ecologica\" \/>\n<meta property=\"article:published_time\" content=\"2023-12-11T15:39:50+00:00\" \/>\n<meta property=\"article:modified_time\" content=\"2023-12-11T15:46:38+00:00\" \/>\n<meta property=\"og:image\" content=\"https:\/\/www.architetturaecologica.net\/wp-content\/uploads\/2023\/12\/203810640_l_normal_none.jpg.webp\" \/>\n\t<meta property=\"og:image:width\" content=\"1280\" \/>\n\t<meta property=\"og:image:height\" content=\"853\" \/>\n\t<meta property=\"og:image:type\" content=\"image\/webp\" \/>\n<meta name=\"author\" content=\"LAe\" \/>\n<meta name=\"twitter:card\" content=\"summary_large_image\" \/>\n<meta name=\"twitter:label1\" content=\"Written by\" \/>\n\t<meta name=\"twitter:data1\" content=\"LAe\" \/>\n\t<meta name=\"twitter:label2\" content=\"Est. reading time\" \/>\n\t<meta name=\"twitter:data2\" content=\"2 minutes\" \/>\n<script type=\"application\/ld+json\" class=\"yoast-schema-graph\">{\"@context\":\"https:\\\/\\\/schema.org\",\"@graph\":[{\"@type\":\"Article\",\"@id\":\"https:\\\/\\\/www.architetturaecologica.net\\\/case-green-nuova-direttiva-europe\\\/#article\",\"isPartOf\":{\"@id\":\"https:\\\/\\\/www.architetturaecologica.net\\\/case-green-nuova-direttiva-europe\\\/\"},\"author\":{\"name\":\"LAe\",\"@id\":\"https:\\\/\\\/www.architetturaecologica.net\\\/#\\\/schema\\\/person\\\/073378d257c50398fa05c5b9b68f8398\"},\"headline\":\"EUROPA E CASE GREEN, STOP ALLE CALDAIE A GAS\",\"datePublished\":\"2023-12-11T15:39:50+00:00\",\"dateModified\":\"2023-12-11T15:46:38+00:00\",\"mainEntityOfPage\":{\"@id\":\"https:\\\/\\\/www.architetturaecologica.net\\\/case-green-nuova-direttiva-europe\\\/\"},\"wordCount\":248,\"image\":{\"@id\":\"https:\\\/\\\/www.architetturaecologica.net\\\/case-green-nuova-direttiva-europe\\\/#primaryimage\"},\"thumbnailUrl\":\"https:\\\/\\\/www.architetturaecologica.net\\\/wp-content\\\/uploads\\\/2023\\\/12\\\/203810640_l_normal_none.jpg.webp\",\"articleSection\":[\"Detrazioni\",\"Ecologia\",\"Efficienza Energetica\",\"Non categorizzato\",\"Riqualificazione Energetica\",\"Risparmio energetico\"],\"inLanguage\":\"en-US\"},{\"@type\":\"WebPage\",\"@id\":\"https:\\\/\\\/www.architetturaecologica.net\\\/case-green-nuova-direttiva-europe\\\/\",\"url\":\"https:\\\/\\\/www.architetturaecologica.net\\\/case-green-nuova-direttiva-europe\\\/\",\"name\":\"EUROPA E CASE GREEN, STOP ALLE CALDAIE A GAS - LAe - Laboratorio di Architettura Ecologica\",\"isPartOf\":{\"@id\":\"https:\\\/\\\/www.architetturaecologica.net\\\/#website\"},\"primaryImageOfPage\":{\"@id\":\"https:\\\/\\\/www.architetturaecologica.net\\\/case-green-nuova-direttiva-europe\\\/#primaryimage\"},\"image\":{\"@id\":\"https:\\\/\\\/www.architetturaecologica.net\\\/case-green-nuova-direttiva-europe\\\/#primaryimage\"},\"thumbnailUrl\":\"https:\\\/\\\/www.architetturaecologica.net\\\/wp-content\\\/uploads\\\/2023\\\/12\\\/203810640_l_normal_none.jpg.webp\",\"datePublished\":\"2023-12-11T15:39:50+00:00\",\"dateModified\":\"2023-12-11T15:46:38+00:00\",\"author\":{\"@id\":\"https:\\\/\\\/www.architetturaecologica.net\\\/#\\\/schema\\\/person\\\/073378d257c50398fa05c5b9b68f8398\"},\"breadcrumb\":{\"@id\":\"https:\\\/\\\/www.architetturaecologica.net\\\/case-green-nuova-direttiva-europe\\\/#breadcrumb\"},\"inLanguage\":\"en-US\",\"potentialAction\":[{\"@type\":\"ReadAction\",\"target\":[\"https:\\\/\\\/www.architetturaecologica.net\\\/case-green-nuova-direttiva-europe\\\/\"]}]},{\"@type\":\"ImageObject\",\"inLanguage\":\"en-US\",\"@id\":\"https:\\\/\\\/www.architetturaecologica.net\\\/case-green-nuova-direttiva-europe\\\/#primaryimage\",\"url\":\"https:\\\/\\\/www.architetturaecologica.net\\\/wp-content\\\/uploads\\\/2023\\\/12\\\/203810640_l_normal_none.jpg.webp\",\"contentUrl\":\"https:\\\/\\\/www.architetturaecologica.net\\\/wp-content\\\/uploads\\\/2023\\\/12\\\/203810640_l_normal_none.jpg.webp\",\"width\":1280,\"height\":853},{\"@type\":\"BreadcrumbList\",\"@id\":\"https:\\\/\\\/www.architetturaecologica.net\\\/case-green-nuova-direttiva-europe\\\/#breadcrumb\",\"itemListElement\":[{\"@type\":\"ListItem\",\"position\":1,\"name\":\"Home\",\"item\":\"https:\\\/\\\/www.architetturaecologica.net\\\/en\\\/\"},{\"@type\":\"ListItem\",\"position\":2,\"name\":\"EUROPA E CASE GREEN, STOP ALLE CALDAIE A GAS\"}]},{\"@type\":\"WebSite\",\"@id\":\"https:\\\/\\\/www.architetturaecologica.net\\\/#website\",\"url\":\"https:\\\/\\\/www.architetturaecologica.net\\\/\",\"name\":\"LAe - Laboratorio di Architettura Ecologica\",\"description\":\"L&#039;abitare del futuro \u00e8 sostenibile\",\"potentialAction\":[{\"@type\":\"SearchAction\",\"target\":{\"@type\":\"EntryPoint\",\"urlTemplate\":\"https:\\\/\\\/www.architetturaecologica.net\\\/?s={search_term_string}\"},\"query-input\":{\"@type\":\"PropertyValueSpecification\",\"valueRequired\":true,\"valueName\":\"search_term_string\"}}],\"inLanguage\":\"en-US\"},{\"@type\":\"Person\",\"@id\":\"https:\\\/\\\/www.architetturaecologica.net\\\/#\\\/schema\\\/person\\\/073378d257c50398fa05c5b9b68f8398\",\"name\":\"LAe\",\"image\":{\"@type\":\"ImageObject\",\"inLanguage\":\"en-US\",\"@id\":\"https:\\\/\\\/secure.gravatar.com\\\/avatar\\\/8153e1a2e1170ec00429ee7ad6b40471e0c1ae13178b1602a40031be333bfec3?s=96&d=mm&r=g\",\"url\":\"https:\\\/\\\/secure.gravatar.com\\\/avatar\\\/8153e1a2e1170ec00429ee7ad6b40471e0c1ae13178b1602a40031be333bfec3?s=96&d=mm&r=g\",\"contentUrl\":\"https:\\\/\\\/secure.gravatar.com\\\/avatar\\\/8153e1a2e1170ec00429ee7ad6b40471e0c1ae13178b1602a40031be333bfec3?s=96&d=mm&r=g\",\"caption\":\"LAe\"},\"url\":\"https:\\\/\\\/www.architetturaecologica.net\\\/en\\\/author\\\/alessandra\\\/\"}]}<\/script>\n<!-- \/ Yoast SEO plugin. -->","yoast_head_json":{"title":"EUROPA E CASE GREEN, STOP ALLE CALDAIE A GAS - LAe - Laboratorio di Architettura Ecologica","robots":{"index":"index","follow":"follow","max-snippet":"max-snippet:-1","max-image-preview":"max-image-preview:large","max-video-preview":"max-video-preview:-1"},"canonical":"https:\/\/www.architetturaecologica.net\/case-green-nuova-direttiva-europe\/","og_locale":"en_US","og_type":"article","og_title":"EUROPA E CASE GREEN, STOP ALLE CALDAIE A GAS - LAe - Laboratorio di Architettura Ecologica","og_description":"Gli obiettivi iniziali erano pi\u00f9 ambiziosi ma per mettere d\u2019accordo tutti i Paesi dell\u2019Europarlamento si \u00e8 dovuto scendere a patti anche con quelli meno votati alla svolta ecologista&#8230;come l\u2019Italia, che purtroppo quest\u2019anno nella classifica presentata alla Cop28 perde 15 posizioni (da 29 a 44) per la sua performance inadeguata contro [&hellip;]","og_url":"https:\/\/www.architetturaecologica.net\/case-green-nuova-direttiva-europe\/","og_site_name":"LAe - Laboratorio di Architettura Ecologica","article_published_time":"2023-12-11T15:39:50+00:00","article_modified_time":"2023-12-11T15:46:38+00:00","og_image":[{"width":1280,"height":853,"url":"https:\/\/www.architetturaecologica.net\/wp-content\/uploads\/2023\/12\/203810640_l_normal_none.jpg.webp","type":"image\/webp"}],"author":"LAe","twitter_card":"summary_large_image","twitter_misc":{"Written by":"LAe","Est. reading time":"2 minutes"},"schema":{"@context":"https:\/\/schema.org","@graph":[{"@type":"Article","@id":"https:\/\/www.architetturaecologica.net\/case-green-nuova-direttiva-europe\/#article","isPartOf":{"@id":"https:\/\/www.architetturaecologica.net\/case-green-nuova-direttiva-europe\/"},"author":{"name":"LAe","@id":"https:\/\/www.architetturaecologica.net\/#\/schema\/person\/073378d257c50398fa05c5b9b68f8398"},"headline":"EUROPA E CASE GREEN, STOP ALLE CALDAIE A GAS","datePublished":"2023-12-11T15:39:50+00:00","dateModified":"2023-12-11T15:46:38+00:00","mainEntityOfPage":{"@id":"https:\/\/www.architetturaecologica.net\/case-green-nuova-direttiva-europe\/"},"wordCount":248,"image":{"@id":"https:\/\/www.architetturaecologica.net\/case-green-nuova-direttiva-europe\/#primaryimage"},"thumbnailUrl":"https:\/\/www.architetturaecologica.net\/wp-content\/uploads\/2023\/12\/203810640_l_normal_none.jpg.webp","articleSection":["Detrazioni","Ecologia","Efficienza Energetica","Non categorizzato","Riqualificazione Energetica","Risparmio energetico"],"inLanguage":"en-US"},{"@type":"WebPage","@id":"https:\/\/www.architetturaecologica.net\/case-green-nuova-direttiva-europe\/","url":"https:\/\/www.architetturaecologica.net\/case-green-nuova-direttiva-europe\/","name":"EUROPA E CASE GREEN, STOP ALLE CALDAIE A GAS - LAe - Laboratorio di Architettura Ecologica","isPartOf":{"@id":"https:\/\/www.architetturaecologica.net\/#website"},"primaryImageOfPage":{"@id":"https:\/\/www.architetturaecologica.net\/case-green-nuova-direttiva-europe\/#primaryimage"},"image":{"@id":"https:\/\/www.architetturaecologica.net\/case-green-nuova-direttiva-europe\/#primaryimage"},"thumbnailUrl":"https:\/\/www.architetturaecologica.net\/wp-content\/uploads\/2023\/12\/203810640_l_normal_none.jpg.webp","datePublished":"2023-12-11T15:39:50+00:00","dateModified":"2023-12-11T15:46:38+00:00","author":{"@id":"https:\/\/www.architetturaecologica.net\/#\/schema\/person\/073378d257c50398fa05c5b9b68f8398"},"breadcrumb":{"@id":"https:\/\/www.architetturaecologica.net\/case-green-nuova-direttiva-europe\/#breadcrumb"},"inLanguage":"en-US","potentialAction":[{"@type":"ReadAction","target":["https:\/\/www.architetturaecologica.net\/case-green-nuova-direttiva-europe\/"]}]},{"@type":"ImageObject","inLanguage":"en-US","@id":"https:\/\/www.architetturaecologica.net\/case-green-nuova-direttiva-europe\/#primaryimage","url":"https:\/\/www.architetturaecologica.net\/wp-content\/uploads\/2023\/12\/203810640_l_normal_none.jpg.webp","contentUrl":"https:\/\/www.architetturaecologica.net\/wp-content\/uploads\/2023\/12\/203810640_l_normal_none.jpg.webp","width":1280,"height":853},{"@type":"BreadcrumbList","@id":"https:\/\/www.architetturaecologica.net\/case-green-nuova-direttiva-europe\/#breadcrumb","itemListElement":[{"@type":"ListItem","position":1,"name":"Home","item":"https:\/\/www.architetturaecologica.net\/en\/"},{"@type":"ListItem","position":2,"name":"EUROPA E CASE GREEN, STOP ALLE CALDAIE A GAS"}]},{"@type":"WebSite","@id":"https:\/\/www.architetturaecologica.net\/#website","url":"https:\/\/www.architetturaecologica.net\/","name":"LAe - Laboratorio di Architettura Ecologica","description":"L&#039;abitare del futuro \u00e8 sostenibile","potentialAction":[{"@type":"SearchAction","target":{"@type":"EntryPoint","urlTemplate":"https:\/\/www.architetturaecologica.net\/?s={search_term_string}"},"query-input":{"@type":"PropertyValueSpecification","valueRequired":true,"valueName":"search_term_string"}}],"inLanguage":"en-US"},{"@type":"Person","@id":"https:\/\/www.architetturaecologica.net\/#\/schema\/person\/073378d257c50398fa05c5b9b68f8398","name":"LAe","image":{"@type":"ImageObject","inLanguage":"en-US","@id":"https:\/\/secure.gravatar.com\/avatar\/8153e1a2e1170ec00429ee7ad6b40471e0c1ae13178b1602a40031be333bfec3?s=96&d=mm&r=g","url":"https:\/\/secure.gravatar.com\/avatar\/8153e1a2e1170ec00429ee7ad6b40471e0c1ae13178b1602a40031be333bfec3?s=96&d=mm&r=g","contentUrl":"https:\/\/secure.gravatar.com\/avatar\/8153e1a2e1170ec00429ee7ad6b40471e0c1ae13178b1602a40031be333bfec3?s=96&d=mm&r=g","caption":"LAe"},"url":"https:\/\/www.architetturaecologica.net\/en\/author\/alessandra\/"}]}},"_links":{"self":[{"href":"https:\/\/www.architetturaecologica.net\/en\/wp-json\/wp\/v2\/posts\/8160","targetHints":{"allow":["GET"]}}],"collection":[{"href":"https:\/\/www.architetturaecologica.net\/en\/wp-json\/wp\/v2\/posts"}],"about":[{"href":"https:\/\/www.architetturaecologica.net\/en\/wp-json\/wp\/v2\/types\/post"}],"author":[{"embeddable":true,"href":"https:\/\/www.architetturaecologica.net\/en\/wp-json\/wp\/v2\/users\/4"}],"replies":[{"embeddable":true,"href":"https:\/\/www.architetturaecologica.net\/en\/wp-json\/wp\/v2\/comments?post=8160"}],"version-history":[{"count":2,"href":"https:\/\/www.architetturaecologica.net\/en\/wp-json\/wp\/v2\/posts\/8160\/revisions"}],"predecessor-version":[{"id":8164,"href":"https:\/\/www.architetturaecologica.net\/en\/wp-json\/wp\/v2\/posts\/8160\/revisions\/8164"}],"wp:featuredmedia":[{"embeddable":true,"href":"https:\/\/www.architetturaecologica.net\/en\/wp-json\/wp\/v2\/media\/8161"}],"wp:attachment":[{"href":"https:\/\/www.architetturaecologica.net\/en\/wp-json\/wp\/v2\/media?parent=8160"}],"wp:term":[{"taxonomy":"category","embeddable":true,"href":"https:\/\/www.architetturaecologica.net\/en\/wp-json\/wp\/v2\/categories?post=8160"},{"taxonomy":"post_tag","embeddable":true,"href":"https:\/\/www.architetturaecologica.net\/en\/wp-json\/wp\/v2\/tags?post=8160"}],"curies":[{"name":"wp","href":"https:\/\/api.w.org\/{rel}","templated":true}]}}