{"id":7517,"date":"2022-06-30T11:03:00","date_gmt":"2022-06-30T09:03:00","guid":{"rendered":"https:\/\/www.architetturaecologica.net\/?p=7517"},"modified":"2022-08-23T11:57:08","modified_gmt":"2022-08-23T09:57:08","slug":"sostenibilita-e-architettura","status":"publish","type":"post","link":"https:\/\/www.architetturaecologica.net\/en\/sostenibilita-e-architettura\/","title":{"rendered":"Sostenibilit\u00e0 e architettura"},"content":{"rendered":"\n<p><strong>Sostenibilit\u00e0<\/strong> <strong>in<\/strong> <strong>architettura<\/strong> e risparmio energetico: un binomio ormai sulla bocca di tutti.<\/p>\n\n\n\n<p>Un tema che prima appariva una moda per pochi ricchi eletti si sta trasformando in una esigenza ineludibile per i pi\u00f9.<\/p>\n\n\n\n<p>Paradossalmente la congiuntura energetica creatasi con la guerra in Ucraina accelerer\u00e0 la transizione verso la ricerca di fonti energetiche rinnovabili e pulite.<\/p>\n\n\n\n<p>La <strong>sostenibilit\u00e0 in architettura<\/strong> si declina in moltissimi modi: vediamone alcuni.<\/p>\n\n\n\n<p>&#8211; La scelta dei materiali: il pi\u00f9 possibile riciclati, riciclabili, sani, a km zero. La filiera di produzione dei materiali sostenibili deve essere corta e salubre per tutti: oggigiorno molti materiali vengono spacciati per sostenibili ed ecologici senza alcuna attenzione per la salubrit\u00e0 di tutta la catena di produzione e smaltimento. La <strong>sostenibilit\u00e0<\/strong> di un materiale deve essere misurata dalla produzione alla posa, fino al fine vita. (analisi del ciclo di vita \u2013 life cycle assesment)<\/p>\n\n\n\n<p>&#8211; Costruire sul costruito: ovvero il contrasto al consumo di suolo mediante il recupero ed il riuso degli edifici esistenti, quando possibile, prima di preferire interventi di sostituzione edilizia, anche e soprattutto di quelli storici e vincolati,<\/p>\n\n\n\n<p>&#8211; La drastica riduzione dei consumi: se un edificio ha un fabbisogno energetico basso o vicino allo zero la produzione di energia <em>in situ<\/em> potr\u00e0 essere proprio quella di cui l\u2019edificio avr\u00e0 bisogno, ricorrendo alla rete solo in caso di necessit\u00e0. Non dimentichiamoci che il 50% del fabbisogno energetico nazionale \u00e8 ascrivibile ai consumi per la climatizzazione del residenziale. Non \u00e8 pi\u00f9 sostenibile economicamente un\u2019abitazione i cui consumi sono cos\u00ec alti da modificare il nostro tenore di vita.<\/p>\n\n\n\n<p>&#8211; L\u2019approvvigionamento da fonti rinnovabili: teniamo per\u00f2 presente che risparmiare energia (di origine fossile) non ci autorizza a sprecare energia rinnovabile e consumare risorse naturali ecocompatibili. <strong>Sostenibilit\u00e0<\/strong> significa riuscire a trovare un punto di equilibrio tra il vivere comodamente e l\u2019utilizzare meno risorse possibili.<\/p>\n\n\n\n<p>-Semplicit\u00e0 di gestione e manutenzione: il contenuto tecnologico delle case (nuove o ristrutturate) a basso consumo deve essere di semplice gestione. In caso contrario l\u2019utente tende ad abbandonare nel tempo il controllo dei consumi perdendo cos\u00ec la spinta all\u2019 essere un consumatore virtuoso.<\/p>\n\n\n\n<p>&#8211; Durabilit\u00e0: la <strong>sostenibilit\u00e0<\/strong> in edilizia significa garanzia di correttezza e qualit\u00e0 dell\u2019intero processo edilizio. Gli interventi edilizi <strong>sostenibili<\/strong> si contraddistinguono per elevate prestazioni energetiche, comfort, salubrit\u00e0 e durabilit\u00e0.<\/p>\n\n\n\n<p>\u201c<em>Bisogna menzionare inoltre che la dipendenza energetica dell\u2019 Italia \u00e8 una delle pi\u00f9 elevate in Europa e che il paese attualmente importa la quasi totalit\u00e0 dell\u00b4energia primaria (83% del fabbisogno nazionale). Il costo delle risorse energetiche risente quindi in modo rilevante degli andamenti dei prezzi delle fonti primarie fossili come petrolio e metano, il cui approvvigionamento influenza la sicurezza energetica ed il benessere del paese. Per aumentare la competitivit\u00e0 e per essere lungimirante, la strategia energetica nazionale dovrebbe quindi, tra i tanti, considerare concretamente anche questo obiettivo cruciale e puntare proprio sull\u00b4efficientamento energetico del patrimonio edilizio esistente.\u201d<\/em> Ing. Martina Demattio &#8211; Agenzia CasaClima &#8211; 2012<\/p>\n","protected":false},"excerpt":{"rendered":"<p>Sostenibilit\u00e0 in architettura e risparmio energetico: un binomio ormai sulla bocca di tutti. Un tema che prima appariva una moda per pochi ricchi eletti si sta trasformando in una esigenza ineludibile per i pi\u00f9. Paradossalmente la congiuntura energetica creatasi con la guerra in Ucraina accelerer\u00e0 la transizione verso la ricerca [&hellip;]<\/p>\n","protected":false},"author":4,"featured_media":7519,"comment_status":"closed","ping_status":"closed","sticky":false,"template":"","format":"standard","meta":{"footnotes":""},"categories":[168,167,163],"tags":[],"class_list":["post-7517","post","type-post","status-publish","format-standard","has-post-thumbnail","hentry","category-efficienza-energetica","category-riqualificazione-energetica","category-risparmio-energetico"],"yoast_head":"<!-- This site is optimized with the Yoast SEO plugin v27.4 - https:\/\/yoast.com\/product\/yoast-seo-wordpress\/ -->\n<title>Sostenibilit\u00e0 e architettura - LAe - Laboratorio di Architettura Ecologica<\/title>\n<meta name=\"description\" content=\"Sostenibilit\u00e0 in architettura e risparmio energetico: un binomio ormai sulla bocca di tutti. Un tema che prima appariva una moda per pochi ricchi eletti si sta trasformando in una esigenza ineludibile per i pi\u00f9.\" \/>\n<meta name=\"robots\" content=\"index, follow, max-snippet:-1, max-image-preview:large, max-video-preview:-1\" \/>\n<link rel=\"canonical\" href=\"https:\/\/www.architetturaecologica.net\/sostenibilita-e-architettura\/\" \/>\n<meta property=\"og:locale\" content=\"en_US\" \/>\n<meta property=\"og:type\" content=\"article\" \/>\n<meta property=\"og:title\" content=\"Sostenibilit\u00e0 e architettura - LAe - Laboratorio di Architettura Ecologica\" \/>\n<meta property=\"og:description\" content=\"Sostenibilit\u00e0 in architettura e risparmio energetico: un binomio ormai sulla bocca di tutti. Un tema che prima appariva una moda per pochi ricchi eletti si sta trasformando in una esigenza ineludibile per i pi\u00f9.\" \/>\n<meta property=\"og:url\" content=\"https:\/\/www.architetturaecologica.net\/sostenibilita-e-architettura\/\" \/>\n<meta property=\"og:site_name\" content=\"LAe - Laboratorio di Architettura Ecologica\" \/>\n<meta property=\"article:published_time\" content=\"2022-06-30T09:03:00+00:00\" \/>\n<meta property=\"article:modified_time\" content=\"2022-08-23T09:57:08+00:00\" \/>\n<meta property=\"og:image\" content=\"https:\/\/www.architetturaecologica.net\/wp-content\/uploads\/2022\/08\/Biennale-scaled.jpg\" \/>\n\t<meta property=\"og:image:width\" content=\"2560\" \/>\n\t<meta property=\"og:image:height\" content=\"2560\" \/>\n\t<meta property=\"og:image:type\" content=\"image\/jpeg\" \/>\n<meta name=\"author\" content=\"LAe\" \/>\n<meta name=\"twitter:card\" content=\"summary_large_image\" \/>\n<meta name=\"twitter:label1\" content=\"Written by\" \/>\n\t<meta name=\"twitter:data1\" content=\"LAe\" \/>\n\t<meta name=\"twitter:label2\" content=\"Est. reading time\" \/>\n\t<meta name=\"twitter:data2\" content=\"3 minutes\" \/>\n<script type=\"application\/ld+json\" class=\"yoast-schema-graph\">{\"@context\":\"https:\\\/\\\/schema.org\",\"@graph\":[{\"@type\":\"Article\",\"@id\":\"https:\\\/\\\/www.architetturaecologica.net\\\/sostenibilita-e-architettura\\\/#article\",\"isPartOf\":{\"@id\":\"https:\\\/\\\/www.architetturaecologica.net\\\/sostenibilita-e-architettura\\\/\"},\"author\":{\"name\":\"LAe\",\"@id\":\"https:\\\/\\\/www.architetturaecologica.net\\\/#\\\/schema\\\/person\\\/073378d257c50398fa05c5b9b68f8398\"},\"headline\":\"Sostenibilit\u00e0 e architettura\",\"datePublished\":\"2022-06-30T09:03:00+00:00\",\"dateModified\":\"2022-08-23T09:57:08+00:00\",\"mainEntityOfPage\":{\"@id\":\"https:\\\/\\\/www.architetturaecologica.net\\\/sostenibilita-e-architettura\\\/\"},\"wordCount\":483,\"image\":{\"@id\":\"https:\\\/\\\/www.architetturaecologica.net\\\/sostenibilita-e-architettura\\\/#primaryimage\"},\"thumbnailUrl\":\"https:\\\/\\\/www.architetturaecologica.net\\\/wp-content\\\/uploads\\\/2022\\\/08\\\/Biennale-scaled.jpg\",\"articleSection\":[\"Efficienza Energetica\",\"Riqualificazione Energetica\",\"Risparmio energetico\"],\"inLanguage\":\"en-US\"},{\"@type\":\"WebPage\",\"@id\":\"https:\\\/\\\/www.architetturaecologica.net\\\/sostenibilita-e-architettura\\\/\",\"url\":\"https:\\\/\\\/www.architetturaecologica.net\\\/sostenibilita-e-architettura\\\/\",\"name\":\"Sostenibilit\u00e0 e architettura - LAe - Laboratorio di Architettura Ecologica\",\"isPartOf\":{\"@id\":\"https:\\\/\\\/www.architetturaecologica.net\\\/#website\"},\"primaryImageOfPage\":{\"@id\":\"https:\\\/\\\/www.architetturaecologica.net\\\/sostenibilita-e-architettura\\\/#primaryimage\"},\"image\":{\"@id\":\"https:\\\/\\\/www.architetturaecologica.net\\\/sostenibilita-e-architettura\\\/#primaryimage\"},\"thumbnailUrl\":\"https:\\\/\\\/www.architetturaecologica.net\\\/wp-content\\\/uploads\\\/2022\\\/08\\\/Biennale-scaled.jpg\",\"datePublished\":\"2022-06-30T09:03:00+00:00\",\"dateModified\":\"2022-08-23T09:57:08+00:00\",\"author\":{\"@id\":\"https:\\\/\\\/www.architetturaecologica.net\\\/#\\\/schema\\\/person\\\/073378d257c50398fa05c5b9b68f8398\"},\"description\":\"Sostenibilit\u00e0 in architettura e risparmio energetico: un binomio ormai sulla bocca di tutti. Un tema che prima appariva una moda per pochi ricchi eletti si sta trasformando in una esigenza ineludibile per i pi\u00f9.\",\"breadcrumb\":{\"@id\":\"https:\\\/\\\/www.architetturaecologica.net\\\/sostenibilita-e-architettura\\\/#breadcrumb\"},\"inLanguage\":\"en-US\",\"potentialAction\":[{\"@type\":\"ReadAction\",\"target\":[\"https:\\\/\\\/www.architetturaecologica.net\\\/sostenibilita-e-architettura\\\/\"]}]},{\"@type\":\"ImageObject\",\"inLanguage\":\"en-US\",\"@id\":\"https:\\\/\\\/www.architetturaecologica.net\\\/sostenibilita-e-architettura\\\/#primaryimage\",\"url\":\"https:\\\/\\\/www.architetturaecologica.net\\\/wp-content\\\/uploads\\\/2022\\\/08\\\/Biennale-scaled.jpg\",\"contentUrl\":\"https:\\\/\\\/www.architetturaecologica.net\\\/wp-content\\\/uploads\\\/2022\\\/08\\\/Biennale-scaled.jpg\",\"width\":2560,\"height\":2560},{\"@type\":\"BreadcrumbList\",\"@id\":\"https:\\\/\\\/www.architetturaecologica.net\\\/sostenibilita-e-architettura\\\/#breadcrumb\",\"itemListElement\":[{\"@type\":\"ListItem\",\"position\":1,\"name\":\"Home\",\"item\":\"https:\\\/\\\/www.architetturaecologica.net\\\/en\\\/\"},{\"@type\":\"ListItem\",\"position\":2,\"name\":\"Sostenibilit\u00e0 e architettura\"}]},{\"@type\":\"WebSite\",\"@id\":\"https:\\\/\\\/www.architetturaecologica.net\\\/#website\",\"url\":\"https:\\\/\\\/www.architetturaecologica.net\\\/\",\"name\":\"LAe - Laboratorio di Architettura Ecologica\",\"description\":\"L&#039;abitare del futuro \u00e8 sostenibile\",\"potentialAction\":[{\"@type\":\"SearchAction\",\"target\":{\"@type\":\"EntryPoint\",\"urlTemplate\":\"https:\\\/\\\/www.architetturaecologica.net\\\/?s={search_term_string}\"},\"query-input\":{\"@type\":\"PropertyValueSpecification\",\"valueRequired\":true,\"valueName\":\"search_term_string\"}}],\"inLanguage\":\"en-US\"},{\"@type\":\"Person\",\"@id\":\"https:\\\/\\\/www.architetturaecologica.net\\\/#\\\/schema\\\/person\\\/073378d257c50398fa05c5b9b68f8398\",\"name\":\"LAe\",\"image\":{\"@type\":\"ImageObject\",\"inLanguage\":\"en-US\",\"@id\":\"https:\\\/\\\/secure.gravatar.com\\\/avatar\\\/8153e1a2e1170ec00429ee7ad6b40471e0c1ae13178b1602a40031be333bfec3?s=96&d=mm&r=g\",\"url\":\"https:\\\/\\\/secure.gravatar.com\\\/avatar\\\/8153e1a2e1170ec00429ee7ad6b40471e0c1ae13178b1602a40031be333bfec3?s=96&d=mm&r=g\",\"contentUrl\":\"https:\\\/\\\/secure.gravatar.com\\\/avatar\\\/8153e1a2e1170ec00429ee7ad6b40471e0c1ae13178b1602a40031be333bfec3?s=96&d=mm&r=g\",\"caption\":\"LAe\"},\"url\":\"https:\\\/\\\/www.architetturaecologica.net\\\/en\\\/author\\\/alessandra\\\/\"}]}<\/script>\n<!-- \/ Yoast SEO plugin. -->","yoast_head_json":{"title":"Sostenibilit\u00e0 e architettura - LAe - Laboratorio di Architettura Ecologica","description":"Sostenibilit\u00e0 in architettura e risparmio energetico: un binomio ormai sulla bocca di tutti. Un tema che prima appariva una moda per pochi ricchi eletti si sta trasformando in una esigenza ineludibile per i pi\u00f9.","robots":{"index":"index","follow":"follow","max-snippet":"max-snippet:-1","max-image-preview":"max-image-preview:large","max-video-preview":"max-video-preview:-1"},"canonical":"https:\/\/www.architetturaecologica.net\/sostenibilita-e-architettura\/","og_locale":"en_US","og_type":"article","og_title":"Sostenibilit\u00e0 e architettura - LAe - Laboratorio di Architettura Ecologica","og_description":"Sostenibilit\u00e0 in architettura e risparmio energetico: un binomio ormai sulla bocca di tutti. Un tema che prima appariva una moda per pochi ricchi eletti si sta trasformando in una esigenza ineludibile per i pi\u00f9.","og_url":"https:\/\/www.architetturaecologica.net\/sostenibilita-e-architettura\/","og_site_name":"LAe - Laboratorio di Architettura Ecologica","article_published_time":"2022-06-30T09:03:00+00:00","article_modified_time":"2022-08-23T09:57:08+00:00","og_image":[{"width":2560,"height":2560,"url":"https:\/\/www.architetturaecologica.net\/wp-content\/uploads\/2022\/08\/Biennale-scaled.jpg","type":"image\/jpeg"}],"author":"LAe","twitter_card":"summary_large_image","twitter_misc":{"Written by":"LAe","Est. reading time":"3 minutes"},"schema":{"@context":"https:\/\/schema.org","@graph":[{"@type":"Article","@id":"https:\/\/www.architetturaecologica.net\/sostenibilita-e-architettura\/#article","isPartOf":{"@id":"https:\/\/www.architetturaecologica.net\/sostenibilita-e-architettura\/"},"author":{"name":"LAe","@id":"https:\/\/www.architetturaecologica.net\/#\/schema\/person\/073378d257c50398fa05c5b9b68f8398"},"headline":"Sostenibilit\u00e0 e architettura","datePublished":"2022-06-30T09:03:00+00:00","dateModified":"2022-08-23T09:57:08+00:00","mainEntityOfPage":{"@id":"https:\/\/www.architetturaecologica.net\/sostenibilita-e-architettura\/"},"wordCount":483,"image":{"@id":"https:\/\/www.architetturaecologica.net\/sostenibilita-e-architettura\/#primaryimage"},"thumbnailUrl":"https:\/\/www.architetturaecologica.net\/wp-content\/uploads\/2022\/08\/Biennale-scaled.jpg","articleSection":["Efficienza Energetica","Riqualificazione Energetica","Risparmio energetico"],"inLanguage":"en-US"},{"@type":"WebPage","@id":"https:\/\/www.architetturaecologica.net\/sostenibilita-e-architettura\/","url":"https:\/\/www.architetturaecologica.net\/sostenibilita-e-architettura\/","name":"Sostenibilit\u00e0 e architettura - LAe - Laboratorio di Architettura Ecologica","isPartOf":{"@id":"https:\/\/www.architetturaecologica.net\/#website"},"primaryImageOfPage":{"@id":"https:\/\/www.architetturaecologica.net\/sostenibilita-e-architettura\/#primaryimage"},"image":{"@id":"https:\/\/www.architetturaecologica.net\/sostenibilita-e-architettura\/#primaryimage"},"thumbnailUrl":"https:\/\/www.architetturaecologica.net\/wp-content\/uploads\/2022\/08\/Biennale-scaled.jpg","datePublished":"2022-06-30T09:03:00+00:00","dateModified":"2022-08-23T09:57:08+00:00","author":{"@id":"https:\/\/www.architetturaecologica.net\/#\/schema\/person\/073378d257c50398fa05c5b9b68f8398"},"description":"Sostenibilit\u00e0 in architettura e risparmio energetico: un binomio ormai sulla bocca di tutti. Un tema che prima appariva una moda per pochi ricchi eletti si sta trasformando in una esigenza ineludibile per i pi\u00f9.","breadcrumb":{"@id":"https:\/\/www.architetturaecologica.net\/sostenibilita-e-architettura\/#breadcrumb"},"inLanguage":"en-US","potentialAction":[{"@type":"ReadAction","target":["https:\/\/www.architetturaecologica.net\/sostenibilita-e-architettura\/"]}]},{"@type":"ImageObject","inLanguage":"en-US","@id":"https:\/\/www.architetturaecologica.net\/sostenibilita-e-architettura\/#primaryimage","url":"https:\/\/www.architetturaecologica.net\/wp-content\/uploads\/2022\/08\/Biennale-scaled.jpg","contentUrl":"https:\/\/www.architetturaecologica.net\/wp-content\/uploads\/2022\/08\/Biennale-scaled.jpg","width":2560,"height":2560},{"@type":"BreadcrumbList","@id":"https:\/\/www.architetturaecologica.net\/sostenibilita-e-architettura\/#breadcrumb","itemListElement":[{"@type":"ListItem","position":1,"name":"Home","item":"https:\/\/www.architetturaecologica.net\/en\/"},{"@type":"ListItem","position":2,"name":"Sostenibilit\u00e0 e architettura"}]},{"@type":"WebSite","@id":"https:\/\/www.architetturaecologica.net\/#website","url":"https:\/\/www.architetturaecologica.net\/","name":"LAe - Laboratorio di Architettura Ecologica","description":"L&#039;abitare del futuro \u00e8 sostenibile","potentialAction":[{"@type":"SearchAction","target":{"@type":"EntryPoint","urlTemplate":"https:\/\/www.architetturaecologica.net\/?s={search_term_string}"},"query-input":{"@type":"PropertyValueSpecification","valueRequired":true,"valueName":"search_term_string"}}],"inLanguage":"en-US"},{"@type":"Person","@id":"https:\/\/www.architetturaecologica.net\/#\/schema\/person\/073378d257c50398fa05c5b9b68f8398","name":"LAe","image":{"@type":"ImageObject","inLanguage":"en-US","@id":"https:\/\/secure.gravatar.com\/avatar\/8153e1a2e1170ec00429ee7ad6b40471e0c1ae13178b1602a40031be333bfec3?s=96&d=mm&r=g","url":"https:\/\/secure.gravatar.com\/avatar\/8153e1a2e1170ec00429ee7ad6b40471e0c1ae13178b1602a40031be333bfec3?s=96&d=mm&r=g","contentUrl":"https:\/\/secure.gravatar.com\/avatar\/8153e1a2e1170ec00429ee7ad6b40471e0c1ae13178b1602a40031be333bfec3?s=96&d=mm&r=g","caption":"LAe"},"url":"https:\/\/www.architetturaecologica.net\/en\/author\/alessandra\/"}]}},"_links":{"self":[{"href":"https:\/\/www.architetturaecologica.net\/en\/wp-json\/wp\/v2\/posts\/7517","targetHints":{"allow":["GET"]}}],"collection":[{"href":"https:\/\/www.architetturaecologica.net\/en\/wp-json\/wp\/v2\/posts"}],"about":[{"href":"https:\/\/www.architetturaecologica.net\/en\/wp-json\/wp\/v2\/types\/post"}],"author":[{"embeddable":true,"href":"https:\/\/www.architetturaecologica.net\/en\/wp-json\/wp\/v2\/users\/4"}],"replies":[{"embeddable":true,"href":"https:\/\/www.architetturaecologica.net\/en\/wp-json\/wp\/v2\/comments?post=7517"}],"version-history":[{"count":2,"href":"https:\/\/www.architetturaecologica.net\/en\/wp-json\/wp\/v2\/posts\/7517\/revisions"}],"predecessor-version":[{"id":7537,"href":"https:\/\/www.architetturaecologica.net\/en\/wp-json\/wp\/v2\/posts\/7517\/revisions\/7537"}],"wp:featuredmedia":[{"embeddable":true,"href":"https:\/\/www.architetturaecologica.net\/en\/wp-json\/wp\/v2\/media\/7519"}],"wp:attachment":[{"href":"https:\/\/www.architetturaecologica.net\/en\/wp-json\/wp\/v2\/media?parent=7517"}],"wp:term":[{"taxonomy":"category","embeddable":true,"href":"https:\/\/www.architetturaecologica.net\/en\/wp-json\/wp\/v2\/categories?post=7517"},{"taxonomy":"post_tag","embeddable":true,"href":"https:\/\/www.architetturaecologica.net\/en\/wp-json\/wp\/v2\/tags?post=7517"}],"curies":[{"name":"wp","href":"https:\/\/api.w.org\/{rel}","templated":true}]}}