{"id":13091,"date":"2026-04-28T17:30:12","date_gmt":"2026-04-28T15:30:12","guid":{"rendered":"https:\/\/www.architetturaecologica.net\/cosa-misura-il-termostato-3\/"},"modified":"2026-04-29T08:35:51","modified_gmt":"2026-04-29T06:35:51","slug":"abitare-insieme","status":"publish","type":"post","link":"https:\/\/www.architetturaecologica.net\/en\/abitare-insieme\/","title":{"rendered":"ABITARE INSIEME: IL CO-HOUSING VISTO DAGLI ARCHITETTI"},"content":{"rendered":"\n<h3 class=\"wp-block-heading\"><strong>Fonte dati: Ricerca SWG &#8220;Radar&#8221;, aprile 2026<\/strong><\/h3>\n\n\n\n<p><strong>Cosa sta cambiando nel modo in cui gli italiani pensano alla casa?<\/strong><\/p>\n\n\n\n<p>Pi\u00f9 di quanto si immagini. Secondo la ricerca SWG di aprile 2026, il 49% degli italiani guarda con favore a modelli abitativi &#8220;ibridi&#8221;, soluzioni in cui lo spazio privato coesiste con aree e servizi condivisi, adattabili alle diverse fasi della vita. Non \u00e8 una moda passeggera: \u00e8 un segnale che il concetto stesso di abitare si sta evolvendo. Come studio di architettura, lo vediamo ogni giorno nella qualit\u00e0 delle domande che ci fanno i committenti.<\/p>\n\n\n\n<p><strong>Chi \u00e8 interessato al co-housing? Solo i giovani?<\/strong><\/p>\n\n\n\n<p>No, e questo \u00e8 uno dei dati pi\u00f9 interessanti della ricerca SWG. L&#8217;apertura verso soluzioni abitative condivise attraversa tutte le generazioni: 60% tra la Gen Z, 51% tra i Millennials, 48% tra la Gen X e 45% tra i Baby Boomers. Cambia il motivo, ma non cambia l&#8217;interesse. I giovani cercano flessibilit\u00e0 e socialit\u00e0; gli anziani attivi vogliono restare in relazione senza rinunciare all&#8217;autonomia. Progettare spazi che rispondano alle esigenze di tutti significa ragionare non su un unico utente tipo, ma su una comunit\u00e0 plurale e in movimento.<\/p>\n\n\n\n<p><strong>Quali bisogni spingono verso questa scelta?<\/strong><\/p>\n\n\n\n<p>La ricerca SWG identifica tre motivazioni principali: il desiderio di pi\u00f9 occasioni di socialit\u00e0 e convivialit\u00e0 (31%), la necessit\u00e0 di vivere in un contesto pi\u00f9 sicuro e protetto (31%) e il bisogno di sentirsi meno soli nella vita quotidiana (28%). Seguono la voglia di riscoprire una dimensione di vicinato (26%) e la condivisione di spese e servizi (26%). Per noi architetti questi numeri si traducono in spazi: cucine attrezzate, terrazze condivise, coworking interni, sale comuni che non siano corridoi di passaggio ma luoghi in cui si ha davvero voglia di stare.<\/p>\n\n\n\n<p><strong>Come risponde l&#8217;architettura a tutto questo?<\/strong><\/p>\n\n\n\n<p>Con ascolto, prima che con forma. Il co-housing non \u00e8 solo un edificio con aree comuni: \u00e8 una struttura di relazioni che l&#8217;architettura pu\u00f2 sostenere o ostacolare. Significa lavorare sulla modulazione degli spazi, dal molto privato al molto pubblico, e sulla qualit\u00e0 di ogni soglia. Significa pensare alla luce, all&#8217;acustica, alla disposizione degli ingressi. Significa che il progetto deve parlare alle persone che lo abiteranno oggi e a quelle che lo abiteranno tra vent&#8217;anni. I dati SWG ci ricordano che 1 italiano su 2 \u00e8 gi\u00e0 pronto a questo cambiamento. Noi architetti abbiamo il compito di non arrivare in ritardo.<\/p>\n\n\n\n<p><strong>Quali immobili si prestano a queste operazioni?<\/strong><\/p>\n\n\n\n<p>L\u2019Italia \u00e8 disseminata di immobili in disuso per dimensioni, vetust\u00e0, costi di gestione insostenibili. Sono dimore (cascinali, palazzi, borghi) che si prestano molto bene ad essere ripensati e riqualificati per queste funzioni dove il privato ed il sociale si incontrano in spazi ripensati su misura. Anche la flessibilit\u00e0 degli spazi \u00e8 un valore: le esigenze possono cambiare e gli spazi devono essere adattabili ai mutamenti.<\/p>\n\n\n\n<p><\/p>\n\n\n\n<figure class=\"wp-block-gallery has-nested-images columns-default is-cropped wp-block-gallery-1 is-layout-flex wp-block-gallery-is-layout-flex\">\n<figure class=\"wp-block-image size-full\"><img loading=\"lazy\" decoding=\"async\" width=\"877\" height=\"620\" data-id=\"13155\" src=\"https:\/\/www.architetturaecologica.net\/wp-content\/uploads\/2026\/04\/2-1.png\" alt=\"\" class=\"wp-image-13155\" srcset=\"https:\/\/www.architetturaecologica.net\/wp-content\/uploads\/2026\/04\/2-1.png 877w, https:\/\/www.architetturaecologica.net\/wp-content\/uploads\/2026\/04\/2-1-300x212.png 300w, https:\/\/www.architetturaecologica.net\/wp-content\/uploads\/2026\/04\/2-1-768x543.png 768w\" sizes=\"auto, (max-width: 877px) 100vw, 877px\" \/><\/figure>\n\n\n\n<figure class=\"wp-block-image size-full\"><img loading=\"lazy\" decoding=\"async\" width=\"877\" height=\"620\" data-id=\"13144\" src=\"https:\/\/www.architetturaecologica.net\/wp-content\/uploads\/2026\/04\/1-1.png\" alt=\"\" class=\"wp-image-13144\" srcset=\"https:\/\/www.architetturaecologica.net\/wp-content\/uploads\/2026\/04\/1-1.png 877w, https:\/\/www.architetturaecologica.net\/wp-content\/uploads\/2026\/04\/1-1-300x212.png 300w, https:\/\/www.architetturaecologica.net\/wp-content\/uploads\/2026\/04\/1-1-768x543.png 768w\" sizes=\"auto, (max-width: 877px) 100vw, 877px\" \/><\/figure>\n\n\n\n<figure class=\"wp-block-image size-full\"><img loading=\"lazy\" decoding=\"async\" width=\"877\" height=\"620\" data-id=\"13148\" src=\"https:\/\/www.architetturaecologica.net\/wp-content\/uploads\/2026\/04\/3-1.png\" alt=\"\" class=\"wp-image-13148\" srcset=\"https:\/\/www.architetturaecologica.net\/wp-content\/uploads\/2026\/04\/3-1.png 877w, https:\/\/www.architetturaecologica.net\/wp-content\/uploads\/2026\/04\/3-1-300x212.png 300w, https:\/\/www.architetturaecologica.net\/wp-content\/uploads\/2026\/04\/3-1-768x543.png 768w\" sizes=\"auto, (max-width: 877px) 100vw, 877px\" \/><\/figure>\n<\/figure>\n\n\n\n<p><\/p>\n\n\n\n<p><\/p>\n\n\n\n<p><\/p>\n","protected":false},"excerpt":{"rendered":"<p>Fonte dati: Ricerca SWG &#8220;Radar&#8221;, aprile 2026 Cosa sta cambiando nel modo in cui gli italiani pensano alla casa? Pi\u00f9 di quanto si immagini. Secondo la ricerca SWG di aprile 2026, il 49% degli italiani guarda con favore a modelli abitativi &#8220;ibridi&#8221;, soluzioni in cui lo spazio privato coesiste con [&hellip;]<\/p>\n","protected":false},"author":4,"featured_media":13153,"comment_status":"closed","ping_status":"closed","sticky":false,"template":"","format":"standard","meta":{"footnotes":""},"categories":[2,164],"tags":[],"class_list":["post-13091","post","type-post","status-publish","format-standard","has-post-thumbnail","hentry","category-architecture","category-ristrutturazione"],"yoast_head":"<!-- This site is optimized with the Yoast SEO plugin v27.4 - https:\/\/yoast.com\/product\/yoast-seo-wordpress\/ -->\n<title>ABITARE INSIEME: IL CO-HOUSING VISTO DAGLI ARCHITETTI - LAe - Laboratorio di Architettura Ecologica<\/title>\n<meta name=\"description\" content=\"Cosa sta cambiando nel modo in cui gli italiani pensano alla casa?Pi\u00f9 di quanto si immagini. Secondo la ricerca SWG di aprile 2026, il 49% degli italiani guarda con favore a modelli abitativi &quot;ibridi&quot;, soluzioni in cui lo spazio privato coesiste con aree e servizi condivisi, adattabili alle diverse fasi della vita. Non \u00e8 una moda passeggera: \u00e8 un segnale che il concetto stesso di abitare si sta evolvendo. Come studio di architettura, lo vediamo ogni giorno nella qualit\u00e0 delle domande che ci fanno i committenti.\" \/>\n<meta name=\"robots\" content=\"index, follow, max-snippet:-1, max-image-preview:large, max-video-preview:-1\" \/>\n<link rel=\"canonical\" href=\"https:\/\/www.architetturaecologica.net\/abitare-insieme\/\" \/>\n<meta property=\"og:locale\" content=\"en_US\" \/>\n<meta property=\"og:type\" content=\"article\" \/>\n<meta property=\"og:title\" content=\"ABITARE INSIEME: IL CO-HOUSING VISTO DAGLI ARCHITETTI - LAe - Laboratorio di Architettura Ecologica\" \/>\n<meta property=\"og:description\" content=\"Cosa sta cambiando nel modo in cui gli italiani pensano alla casa?Pi\u00f9 di quanto si immagini. Secondo la ricerca SWG di aprile 2026, il 49% degli italiani guarda con favore a modelli abitativi &quot;ibridi&quot;, soluzioni in cui lo spazio privato coesiste con aree e servizi condivisi, adattabili alle diverse fasi della vita. Non \u00e8 una moda passeggera: \u00e8 un segnale che il concetto stesso di abitare si sta evolvendo. Come studio di architettura, lo vediamo ogni giorno nella qualit\u00e0 delle domande che ci fanno i committenti.\" \/>\n<meta property=\"og:url\" content=\"https:\/\/www.architetturaecologica.net\/abitare-insieme\/\" \/>\n<meta property=\"og:site_name\" content=\"LAe - Laboratorio di Architettura Ecologica\" \/>\n<meta property=\"article:published_time\" content=\"2026-04-28T15:30:12+00:00\" \/>\n<meta property=\"article:modified_time\" content=\"2026-04-29T06:35:51+00:00\" \/>\n<meta property=\"og:image\" content=\"https:\/\/www.architetturaecologica.net\/wp-content\/uploads\/2026\/04\/copertina.jpg\" \/>\n\t<meta property=\"og:image:width\" content=\"1280\" \/>\n\t<meta property=\"og:image:height\" content=\"853\" \/>\n\t<meta property=\"og:image:type\" content=\"image\/jpeg\" \/>\n<meta name=\"author\" content=\"LAe\" \/>\n<meta name=\"twitter:card\" content=\"summary_large_image\" \/>\n<meta name=\"twitter:label1\" content=\"Written by\" \/>\n\t<meta name=\"twitter:data1\" content=\"LAe\" \/>\n\t<meta name=\"twitter:label2\" content=\"Est. reading time\" \/>\n\t<meta name=\"twitter:data2\" content=\"4 minutes\" \/>\n<script type=\"application\/ld+json\" class=\"yoast-schema-graph\">{\"@context\":\"https:\\\/\\\/schema.org\",\"@graph\":[{\"@type\":\"Article\",\"@id\":\"https:\\\/\\\/www.architetturaecologica.net\\\/abitare-insieme\\\/#article\",\"isPartOf\":{\"@id\":\"https:\\\/\\\/www.architetturaecologica.net\\\/abitare-insieme\\\/\"},\"author\":{\"name\":\"LAe\",\"@id\":\"https:\\\/\\\/www.architetturaecologica.net\\\/#\\\/schema\\\/person\\\/073378d257c50398fa05c5b9b68f8398\"},\"headline\":\"ABITARE INSIEME: IL CO-HOUSING VISTO DAGLI ARCHITETTI\",\"datePublished\":\"2026-04-28T15:30:12+00:00\",\"dateModified\":\"2026-04-29T06:35:51+00:00\",\"mainEntityOfPage\":{\"@id\":\"https:\\\/\\\/www.architetturaecologica.net\\\/abitare-insieme\\\/\"},\"wordCount\":457,\"image\":{\"@id\":\"https:\\\/\\\/www.architetturaecologica.net\\\/abitare-insieme\\\/#primaryimage\"},\"thumbnailUrl\":\"https:\\\/\\\/www.architetturaecologica.net\\\/wp-content\\\/uploads\\\/2026\\\/04\\\/copertina.jpg\",\"articleSection\":[\"Architecture\",\"Ristrutturazione\"],\"inLanguage\":\"en-US\"},{\"@type\":\"WebPage\",\"@id\":\"https:\\\/\\\/www.architetturaecologica.net\\\/abitare-insieme\\\/\",\"url\":\"https:\\\/\\\/www.architetturaecologica.net\\\/abitare-insieme\\\/\",\"name\":\"ABITARE INSIEME: IL CO-HOUSING VISTO DAGLI ARCHITETTI - LAe - Laboratorio di Architettura Ecologica\",\"isPartOf\":{\"@id\":\"https:\\\/\\\/www.architetturaecologica.net\\\/#website\"},\"primaryImageOfPage\":{\"@id\":\"https:\\\/\\\/www.architetturaecologica.net\\\/abitare-insieme\\\/#primaryimage\"},\"image\":{\"@id\":\"https:\\\/\\\/www.architetturaecologica.net\\\/abitare-insieme\\\/#primaryimage\"},\"thumbnailUrl\":\"https:\\\/\\\/www.architetturaecologica.net\\\/wp-content\\\/uploads\\\/2026\\\/04\\\/copertina.jpg\",\"datePublished\":\"2026-04-28T15:30:12+00:00\",\"dateModified\":\"2026-04-29T06:35:51+00:00\",\"author\":{\"@id\":\"https:\\\/\\\/www.architetturaecologica.net\\\/#\\\/schema\\\/person\\\/073378d257c50398fa05c5b9b68f8398\"},\"description\":\"Cosa sta cambiando nel modo in cui gli italiani pensano alla casa?Pi\u00f9 di quanto si immagini. Secondo la ricerca SWG di aprile 2026, il 49% degli italiani guarda con favore a modelli abitativi \\\"ibridi\\\", soluzioni in cui lo spazio privato coesiste con aree e servizi condivisi, adattabili alle diverse fasi della vita. Non \u00e8 una moda passeggera: \u00e8 un segnale che il concetto stesso di abitare si sta evolvendo. Come studio di architettura, lo vediamo ogni giorno nella qualit\u00e0 delle domande che ci fanno i committenti.\",\"breadcrumb\":{\"@id\":\"https:\\\/\\\/www.architetturaecologica.net\\\/abitare-insieme\\\/#breadcrumb\"},\"inLanguage\":\"en-US\",\"potentialAction\":[{\"@type\":\"ReadAction\",\"target\":[\"https:\\\/\\\/www.architetturaecologica.net\\\/abitare-insieme\\\/\"]}]},{\"@type\":\"ImageObject\",\"inLanguage\":\"en-US\",\"@id\":\"https:\\\/\\\/www.architetturaecologica.net\\\/abitare-insieme\\\/#primaryimage\",\"url\":\"https:\\\/\\\/www.architetturaecologica.net\\\/wp-content\\\/uploads\\\/2026\\\/04\\\/copertina.jpg\",\"contentUrl\":\"https:\\\/\\\/www.architetturaecologica.net\\\/wp-content\\\/uploads\\\/2026\\\/04\\\/copertina.jpg\",\"width\":1280,\"height\":853},{\"@type\":\"BreadcrumbList\",\"@id\":\"https:\\\/\\\/www.architetturaecologica.net\\\/abitare-insieme\\\/#breadcrumb\",\"itemListElement\":[{\"@type\":\"ListItem\",\"position\":1,\"name\":\"Home\",\"item\":\"https:\\\/\\\/www.architetturaecologica.net\\\/en\\\/\"},{\"@type\":\"ListItem\",\"position\":2,\"name\":\"ABITARE INSIEME: IL CO-HOUSING VISTO DAGLI ARCHITETTI\"}]},{\"@type\":\"WebSite\",\"@id\":\"https:\\\/\\\/www.architetturaecologica.net\\\/#website\",\"url\":\"https:\\\/\\\/www.architetturaecologica.net\\\/\",\"name\":\"LAe - Laboratorio di Architettura Ecologica\",\"description\":\"L&#039;abitare del futuro \u00e8 sostenibile\",\"potentialAction\":[{\"@type\":\"SearchAction\",\"target\":{\"@type\":\"EntryPoint\",\"urlTemplate\":\"https:\\\/\\\/www.architetturaecologica.net\\\/?s={search_term_string}\"},\"query-input\":{\"@type\":\"PropertyValueSpecification\",\"valueRequired\":true,\"valueName\":\"search_term_string\"}}],\"inLanguage\":\"en-US\"},{\"@type\":\"Person\",\"@id\":\"https:\\\/\\\/www.architetturaecologica.net\\\/#\\\/schema\\\/person\\\/073378d257c50398fa05c5b9b68f8398\",\"name\":\"LAe\",\"image\":{\"@type\":\"ImageObject\",\"inLanguage\":\"en-US\",\"@id\":\"https:\\\/\\\/secure.gravatar.com\\\/avatar\\\/8153e1a2e1170ec00429ee7ad6b40471e0c1ae13178b1602a40031be333bfec3?s=96&d=mm&r=g\",\"url\":\"https:\\\/\\\/secure.gravatar.com\\\/avatar\\\/8153e1a2e1170ec00429ee7ad6b40471e0c1ae13178b1602a40031be333bfec3?s=96&d=mm&r=g\",\"contentUrl\":\"https:\\\/\\\/secure.gravatar.com\\\/avatar\\\/8153e1a2e1170ec00429ee7ad6b40471e0c1ae13178b1602a40031be333bfec3?s=96&d=mm&r=g\",\"caption\":\"LAe\"},\"url\":\"https:\\\/\\\/www.architetturaecologica.net\\\/en\\\/author\\\/alessandra\\\/\"}]}<\/script>\n<!-- \/ Yoast SEO plugin. -->","yoast_head_json":{"title":"ABITARE INSIEME: IL CO-HOUSING VISTO DAGLI ARCHITETTI - LAe - Laboratorio di Architettura Ecologica","description":"Cosa sta cambiando nel modo in cui gli italiani pensano alla casa?Pi\u00f9 di quanto si immagini. Secondo la ricerca SWG di aprile 2026, il 49% degli italiani guarda con favore a modelli abitativi \"ibridi\", soluzioni in cui lo spazio privato coesiste con aree e servizi condivisi, adattabili alle diverse fasi della vita. Non \u00e8 una moda passeggera: \u00e8 un segnale che il concetto stesso di abitare si sta evolvendo. Come studio di architettura, lo vediamo ogni giorno nella qualit\u00e0 delle domande che ci fanno i committenti.","robots":{"index":"index","follow":"follow","max-snippet":"max-snippet:-1","max-image-preview":"max-image-preview:large","max-video-preview":"max-video-preview:-1"},"canonical":"https:\/\/www.architetturaecologica.net\/abitare-insieme\/","og_locale":"en_US","og_type":"article","og_title":"ABITARE INSIEME: IL CO-HOUSING VISTO DAGLI ARCHITETTI - LAe - Laboratorio di Architettura Ecologica","og_description":"Cosa sta cambiando nel modo in cui gli italiani pensano alla casa?Pi\u00f9 di quanto si immagini. Secondo la ricerca SWG di aprile 2026, il 49% degli italiani guarda con favore a modelli abitativi \"ibridi\", soluzioni in cui lo spazio privato coesiste con aree e servizi condivisi, adattabili alle diverse fasi della vita. Non \u00e8 una moda passeggera: \u00e8 un segnale che il concetto stesso di abitare si sta evolvendo. Come studio di architettura, lo vediamo ogni giorno nella qualit\u00e0 delle domande che ci fanno i committenti.","og_url":"https:\/\/www.architetturaecologica.net\/abitare-insieme\/","og_site_name":"LAe - Laboratorio di Architettura Ecologica","article_published_time":"2026-04-28T15:30:12+00:00","article_modified_time":"2026-04-29T06:35:51+00:00","og_image":[{"width":1280,"height":853,"url":"https:\/\/www.architetturaecologica.net\/wp-content\/uploads\/2026\/04\/copertina.jpg","type":"image\/jpeg"}],"author":"LAe","twitter_card":"summary_large_image","twitter_misc":{"Written by":"LAe","Est. reading time":"4 minutes"},"schema":{"@context":"https:\/\/schema.org","@graph":[{"@type":"Article","@id":"https:\/\/www.architetturaecologica.net\/abitare-insieme\/#article","isPartOf":{"@id":"https:\/\/www.architetturaecologica.net\/abitare-insieme\/"},"author":{"name":"LAe","@id":"https:\/\/www.architetturaecologica.net\/#\/schema\/person\/073378d257c50398fa05c5b9b68f8398"},"headline":"ABITARE INSIEME: IL CO-HOUSING VISTO DAGLI ARCHITETTI","datePublished":"2026-04-28T15:30:12+00:00","dateModified":"2026-04-29T06:35:51+00:00","mainEntityOfPage":{"@id":"https:\/\/www.architetturaecologica.net\/abitare-insieme\/"},"wordCount":457,"image":{"@id":"https:\/\/www.architetturaecologica.net\/abitare-insieme\/#primaryimage"},"thumbnailUrl":"https:\/\/www.architetturaecologica.net\/wp-content\/uploads\/2026\/04\/copertina.jpg","articleSection":["Architecture","Ristrutturazione"],"inLanguage":"en-US"},{"@type":"WebPage","@id":"https:\/\/www.architetturaecologica.net\/abitare-insieme\/","url":"https:\/\/www.architetturaecologica.net\/abitare-insieme\/","name":"ABITARE INSIEME: IL CO-HOUSING VISTO DAGLI ARCHITETTI - LAe - Laboratorio di Architettura Ecologica","isPartOf":{"@id":"https:\/\/www.architetturaecologica.net\/#website"},"primaryImageOfPage":{"@id":"https:\/\/www.architetturaecologica.net\/abitare-insieme\/#primaryimage"},"image":{"@id":"https:\/\/www.architetturaecologica.net\/abitare-insieme\/#primaryimage"},"thumbnailUrl":"https:\/\/www.architetturaecologica.net\/wp-content\/uploads\/2026\/04\/copertina.jpg","datePublished":"2026-04-28T15:30:12+00:00","dateModified":"2026-04-29T06:35:51+00:00","author":{"@id":"https:\/\/www.architetturaecologica.net\/#\/schema\/person\/073378d257c50398fa05c5b9b68f8398"},"description":"Cosa sta cambiando nel modo in cui gli italiani pensano alla casa?Pi\u00f9 di quanto si immagini. Secondo la ricerca SWG di aprile 2026, il 49% degli italiani guarda con favore a modelli abitativi \"ibridi\", soluzioni in cui lo spazio privato coesiste con aree e servizi condivisi, adattabili alle diverse fasi della vita. Non \u00e8 una moda passeggera: \u00e8 un segnale che il concetto stesso di abitare si sta evolvendo. Come studio di architettura, lo vediamo ogni giorno nella qualit\u00e0 delle domande che ci fanno i committenti.","breadcrumb":{"@id":"https:\/\/www.architetturaecologica.net\/abitare-insieme\/#breadcrumb"},"inLanguage":"en-US","potentialAction":[{"@type":"ReadAction","target":["https:\/\/www.architetturaecologica.net\/abitare-insieme\/"]}]},{"@type":"ImageObject","inLanguage":"en-US","@id":"https:\/\/www.architetturaecologica.net\/abitare-insieme\/#primaryimage","url":"https:\/\/www.architetturaecologica.net\/wp-content\/uploads\/2026\/04\/copertina.jpg","contentUrl":"https:\/\/www.architetturaecologica.net\/wp-content\/uploads\/2026\/04\/copertina.jpg","width":1280,"height":853},{"@type":"BreadcrumbList","@id":"https:\/\/www.architetturaecologica.net\/abitare-insieme\/#breadcrumb","itemListElement":[{"@type":"ListItem","position":1,"name":"Home","item":"https:\/\/www.architetturaecologica.net\/en\/"},{"@type":"ListItem","position":2,"name":"ABITARE INSIEME: IL CO-HOUSING VISTO DAGLI ARCHITETTI"}]},{"@type":"WebSite","@id":"https:\/\/www.architetturaecologica.net\/#website","url":"https:\/\/www.architetturaecologica.net\/","name":"LAe - Laboratorio di Architettura Ecologica","description":"L&#039;abitare del futuro \u00e8 sostenibile","potentialAction":[{"@type":"SearchAction","target":{"@type":"EntryPoint","urlTemplate":"https:\/\/www.architetturaecologica.net\/?s={search_term_string}"},"query-input":{"@type":"PropertyValueSpecification","valueRequired":true,"valueName":"search_term_string"}}],"inLanguage":"en-US"},{"@type":"Person","@id":"https:\/\/www.architetturaecologica.net\/#\/schema\/person\/073378d257c50398fa05c5b9b68f8398","name":"LAe","image":{"@type":"ImageObject","inLanguage":"en-US","@id":"https:\/\/secure.gravatar.com\/avatar\/8153e1a2e1170ec00429ee7ad6b40471e0c1ae13178b1602a40031be333bfec3?s=96&d=mm&r=g","url":"https:\/\/secure.gravatar.com\/avatar\/8153e1a2e1170ec00429ee7ad6b40471e0c1ae13178b1602a40031be333bfec3?s=96&d=mm&r=g","contentUrl":"https:\/\/secure.gravatar.com\/avatar\/8153e1a2e1170ec00429ee7ad6b40471e0c1ae13178b1602a40031be333bfec3?s=96&d=mm&r=g","caption":"LAe"},"url":"https:\/\/www.architetturaecologica.net\/en\/author\/alessandra\/"}]}},"_links":{"self":[{"href":"https:\/\/www.architetturaecologica.net\/en\/wp-json\/wp\/v2\/posts\/13091","targetHints":{"allow":["GET"]}}],"collection":[{"href":"https:\/\/www.architetturaecologica.net\/en\/wp-json\/wp\/v2\/posts"}],"about":[{"href":"https:\/\/www.architetturaecologica.net\/en\/wp-json\/wp\/v2\/types\/post"}],"author":[{"embeddable":true,"href":"https:\/\/www.architetturaecologica.net\/en\/wp-json\/wp\/v2\/users\/4"}],"replies":[{"embeddable":true,"href":"https:\/\/www.architetturaecologica.net\/en\/wp-json\/wp\/v2\/comments?post=13091"}],"version-history":[{"count":3,"href":"https:\/\/www.architetturaecologica.net\/en\/wp-json\/wp\/v2\/posts\/13091\/revisions"}],"predecessor-version":[{"id":13157,"href":"https:\/\/www.architetturaecologica.net\/en\/wp-json\/wp\/v2\/posts\/13091\/revisions\/13157"}],"wp:featuredmedia":[{"embeddable":true,"href":"https:\/\/www.architetturaecologica.net\/en\/wp-json\/wp\/v2\/media\/13153"}],"wp:attachment":[{"href":"https:\/\/www.architetturaecologica.net\/en\/wp-json\/wp\/v2\/media?parent=13091"}],"wp:term":[{"taxonomy":"category","embeddable":true,"href":"https:\/\/www.architetturaecologica.net\/en\/wp-json\/wp\/v2\/categories?post=13091"},{"taxonomy":"post_tag","embeddable":true,"href":"https:\/\/www.architetturaecologica.net\/en\/wp-json\/wp\/v2\/tags?post=13091"}],"curies":[{"name":"wp","href":"https:\/\/api.w.org\/{rel}","templated":true}]}}